{"id":7834,"date":"2025-02-23T22:10:40","date_gmt":"2025-02-23T22:10:40","guid":{"rendered":"https:\/\/modertec.com.ni\/?p=7834"},"modified":"2025-02-23T22:10:40","modified_gmt":"2025-02-23T22:10:40","slug":"havacilik-tarihinde-iz-birakan-donum-noktalarinin-onemi","status":"publish","type":"post","link":"https:\/\/modertec.com.ni\/index.php\/2025\/02\/23\/havacilik-tarihinde-iz-birakan-donum-noktalarinin-onemi\/","title":{"rendered":"Havac\u0131l\u0131k Tarihinde \u0130z B\u0131rakan D\u00f6n\u00fcm Noktalar\u0131n\u0131n \u00d6nemi"},"content":{"rendered":"<p><html><body><\/p>\n<h1>Havac\u0131l\u0131k Tarihinde \u0130z B\u0131rakan D\u00f6n\u00fcm Noktalar\u0131n\u0131n \u00d6nemi<\/h1>\n<p>Havac\u0131l\u0131\u011f\u0131n tarihi, bir\u00e7ok \u00f6nemli an\u0131 ile doludur ve bu anlar, insanl\u0131\u011f\u0131n teknolojik geli\u015fimine damgas\u0131n\u0131 vurmu\u015ftur. \u00d6zellikle havac\u0131l\u0131kta unutulmaz d\u00f6n\u00fcm noktalar\u0131, sadece havac\u0131l\u0131k end\u00fcstrisinin de\u011fil, ayn\u0131 zamanda sosyal ve k\u00fclt\u00fcrel yap\u0131n\u0131n da de\u011fi\u015fimini sa\u011flam\u0131\u015ft\u0131r. Bu yaz\u0131da, havac\u0131l\u0131k tarihinin d\u00f6n\u00fcm noktalar\u0131na odaklanarak bu anlar\u0131n \u00f6nemini ke\u015ffedece\u011fiz.<\/p>\n<h2>Wright Karde\u015fler ve U\u00e7u\u015fta \u0130lk Ad\u0131mlar<\/h2>\n<p>Havac\u0131l\u0131k tarihinde, Wright Karde\u015fler&#8217;in \u00fc\u00e7 bu\u00e7uk dakikal\u0131k ilk u\u00e7u\u015fu, modern havac\u0131l\u0131\u011f\u0131n ba\u015flang\u0131c\u0131 olarak kabul edilir. 1903 y\u0131l\u0131nda ger\u00e7ekle\u015fen bu tarihi u\u00e7u\u015f, motorlu u\u00e7u\u015fun ilk \u00f6rne\u011fiydi ve teknolojik ilerlemelerin ba\u015flang\u0131c\u0131n\u0131 i\u015faret ediyordu. Orville ve Wilbur Wright, u\u00e7u\u015fun temel prensiplerini ke\u015ffederek gelecekteki u\u00e7ak tasar\u0131mlar\u0131 i\u00e7in bir temel olu\u015fturdu.<\/p>\n<p>Wright Karde\u015fler&#8217;in bulu\u015flar\u0131, havac\u0131l\u0131kta bir\u00e7ok yenili\u011fe yol a\u00e7t\u0131 ve bu geli\u015fmeler, daha g\u00fcvenli ve h\u0131zl\u0131 u\u00e7u\u015flar\u0131n ger\u00e7ekle\u015fmesine olanak tan\u0131d\u0131. Bu ba\u011flamda, bu d\u00f6n\u00fcm noktas\u0131, sadece havac\u0131l\u0131k tarihinin de\u011fil, bilim ve m\u00fchendisli\u011fin de geli\u015fimine katk\u0131da bulunmu\u015ftur. Wright Karde\u015fler, u\u00e7aklar\u0131n\u0131n tasar\u0131m\u0131nda bir\u00e7ok yenilik\u00e7i yakla\u015f\u0131m kullanm\u0131\u015f ve bu da onlar\u0131 havac\u0131l\u0131k tarihinin \u00f6nc\u00fcleri yapm\u0131\u015ft\u0131r.<\/p>\n<h2>Charles Lindbergh&#8217;in Atlantik A\u015f\u0131r\u0131 Solo U\u00e7u\u015fu<\/h2>\n<p>1927 y\u0131l\u0131nda, Charles Lindbergh New York&#8217;tan Paris&#8217;e yapt\u0131\u011f\u0131 solo u\u00e7u\u015fla tarihe ge\u00e7ti. \u00abSpirit of St. Louis\u00bb adl\u0131 u\u00e7a\u011f\u0131yla ger\u00e7ekle\u015ftirdi\u011fi bu u\u00e7u\u015f, 33 saat s\u00fcrd\u00fc ve Atlantik Okyanusu&#8217;nu a\u015fan ilk solo u\u00e7u\u015f olarak kay\u0131tlara ge\u00e7ti. Bu u\u00e7u\u015f, d\u00fcnya genelinde b\u00fcy\u00fck bir hayranl\u0131k uyand\u0131rd\u0131 ve havac\u0131l\u0131\u011f\u0131n pop\u00fclerle\u015fmesine, ticari hava seyahatinin geli\u015fmesine \u00f6nayak oldu <a href=\"https:\/\/www.plunderpirates.com\/\">aviator hilesi<\/a>.<\/p>\n<p>Lindbergh\u2019in ba\u015far\u0131s\u0131, insanlar\u0131n havac\u0131l\u0131\u011fa olan g\u00fcvenini art\u0131rd\u0131 ve hava ta\u015f\u0131mac\u0131l\u0131\u011f\u0131n\u0131n gelece\u011fi i\u00e7in b\u00fcy\u00fck bir umut kayna\u011f\u0131 oldu. Ayr\u0131ca, bu ba\u015far\u0131, havac\u0131l\u0131k sekt\u00f6r\u00fcnde daha fazla yat\u0131r\u0131m yap\u0131lmas\u0131n\u0131 te\u015fvik etti ve bu da yolcu u\u00e7aklar\u0131n\u0131n yayg\u0131nla\u015fmas\u0131n\u0131 sa\u011flad\u0131. Bu ba\u015far\u0131 hikayesi, havac\u0131l\u0131\u011f\u0131n s\u0131n\u0131rlar\u0131n\u0131n geni\u015flemekte oldu\u011funun somut bir kan\u0131t\u0131 idi.<\/p>\n<h3>Ay&#8217;a \u0130lk \u0130ni\u015f: Apollo 11<\/h3>\n<p>1969 y\u0131l\u0131nda Apollo 11&#8217;in Ay y\u00fczeyine ini\u015fi, insanl\u0131k tarihinde e\u015fsiz bir an\u0131 olarak yer ald\u0131. Bu g\u00f6rev, Ay&#8217;a yap\u0131lan ilk insanl\u0131 ini\u015f olman\u0131n yan\u0131 s\u0131ra uzay\u0131n ke\u015ffi a\u00e7\u0131s\u0131ndan da d\u00f6n\u00fcm noktalar\u0131ndan biri oldu. Neil Armstrong ve Buzz Aldrin, Ay \u00fczerinde y\u00fcr\u00fcyen ilk insanlar olarak tarihe ge\u00e7ti.<\/p>\n<p>Ay&#8217;a ini\u015f g\u00f6revi, sadece teknolojik bir ba\u015far\u0131 olarak de\u011fil, ayn\u0131 zamanda siyasi bir ba\u015far\u0131n\u0131n da sembol\u00fc olarak g\u00f6r\u00fcld\u00fc. Bu, Amerika Birle\u015fik Devletleri ve Sovyetler Birli\u011fi aras\u0131ndaki uzay yar\u0131\u015f\u0131nda \u00f6nemli bir zaferdi. Ayr\u0131ca, bu g\u00f6rev, bilimsel ara\u015ft\u0131rmalara yeni kap\u0131lar aralayarak insanl\u0131\u011f\u0131n evreni daha iyi anlamas\u0131na yard\u0131mc\u0131 oldu. Apollo 11, uzay yolculu\u011funun olanaklar\u0131n\u0131 g\u00f6steren bir kataliz\u00f6r g\u00f6revi g\u00f6rd\u00fc.<\/p>\n<h2>Havac\u0131l\u0131\u011f\u0131n Ticari D\u00f6n\u00fc\u015f\u00fcm\u00fc ve Boeing 747<\/h2>\n<p>1960&#8217;larda pazara giren Boeing 747, havac\u0131l\u0131kta devrim yaratan bir model olarak tarihe ge\u00e7ti. \u00abJumbo Jet\u00bb olarak da bilinen bu u\u00e7ak, uzun mesafeli u\u00e7u\u015flar\u0131n daha ekonomik ve daha konforlu hale gelmesini sa\u011flad\u0131. Boeing 747, havayolu ta\u015f\u0131mac\u0131l\u0131\u011f\u0131n\u0131n daha geni\u015f kitlelere hitap etmesine olanak tan\u0131d\u0131.<\/p>\n<p>Kapasitesi ve menzili bak\u0131m\u0131ndan d\u00f6nemin di\u011fer u\u00e7aklar\u0131na g\u00f6re ola\u011fan\u00fcst\u00fc bir se\u00e7enek olan Boeing 747, havayolu \u015firketlerine maliyet a\u00e7\u0131s\u0131ndan b\u00fcy\u00fck avantajlar sa\u011flad\u0131. Bu d\u00f6n\u00fcm noktas\u0131, u\u00e7ak seyahatin toplumun hemen hemen b\u00fct\u00fcn kesimlerine ula\u015f\u0131labilir olmas\u0131n\u0131 sa\u011flad\u0131 ve uluslararas\u0131 ticaret ile turizmin daha da yayg\u0131nla\u015fmas\u0131na katk\u0131da bulundu.<\/p>\n<h2>U\u00e7aklar ve G\u00fcvenlik: Concorde&#8217;un Y\u00fckseli\u015fi ve D\u00fc\u015f\u00fc\u015f\u00fc<\/h2>\n<p>Concorde, s\u00fcpersonik h\u0131zlarda seyahat edebilen ticari bir u\u00e7ak olarak benzeri g\u00f6r\u00fclmemi\u015f bir h\u0131zda i\u015f ve tatil destinasyonlar\u0131na ula\u015fma imkan\u0131 tan\u0131d\u0131. Ancak, bu y\u00fcksek h\u0131z\u0131n ve teknolojinin bir bedeli vard\u0131: g\u00fcvenlik endi\u015feleri ve y\u00fcksek i\u015fletme maliyetleri. 2000 y\u0131l\u0131nda ya\u015fanan kazan\u0131n ard\u0131ndan Concorde u\u00e7u\u015flar\u0131 durduruldu.<\/p>\n<p>Concorde\u2019un hizmet d\u0131\u015f\u0131 kalmas\u0131, havac\u0131l\u0131kta h\u0131z kadar g\u00fcvenli\u011fin de kritik oldu\u011funu g\u00f6sterdi. Bu, havac\u0131l\u0131\u011f\u0131n geli\u015fiminde \u00f6nemli bir ders olarak alg\u0131land\u0131 ve sekt\u00f6r\u00fcn g\u00fcvenlik standartlar\u0131n\u0131 yeniden de\u011ferlendirmesine yol a\u00e7t\u0131. Concorde\u2019un k\u0131sa s\u00fcrede elde etti\u011fi ba\u015far\u0131 ve ard\u0131ndan gelen d\u00fc\u015f\u00fc\u015f, teknoloji ve g\u00fcvenlik aras\u0131ndaki dengeyi vurgulayan \u00f6nemli bir \u00f6rnek te\u015fkil eder.<\/p>\n<h2>Sonu\u00e7<\/h2>\n<p>Havac\u0131l\u0131kta unutulmaz d\u00f6n\u00fcm noktalar\u0131, sadece teknik yenilikler de\u011fil, ayn\u0131 zamanda toplumlar\u0131n ve k\u00fclt\u00fcrlerin geli\u015fimi i\u00e7in de bir itici g\u00fc\u00e7 olmu\u015ftur. Wright Karde\u015fler&#8217;in ilk u\u00e7u\u015fu, Charles Lindbergh&#8217;in Atlantik a\u015f\u0131r\u0131 u\u00e7u\u015fu, Apollo 11&#8217;in Ay&#8217;a ini\u015fi, Boeing 747&#8217;nin d\u00f6n\u00fc\u015ft\u00fcr\u00fcc\u00fc etkisi ve Concorde&#8217;nin h\u0131z ile g\u00fcvenlik dengesinde yapt\u0131\u011f\u0131 vurgular, havac\u0131l\u0131k sekt\u00f6r\u00fcn\u00fcn s\u00fcrekli evrimini \u015fekillendirmi\u015ftir. Bu an\u0131lar, gelecekteki havac\u0131l\u0131k geli\u015fmelerine rehberlik etmeye devam edecektir.<\/p>\n<h2>SSS<\/h2>\n<ol>\n<li><strong>Wright Karde\u015fler&#8217;in u\u00e7u\u015fu neden bu kadar \u00f6nemlidir?<\/strong><br \/>Wright Karde\u015fler&#8217;in u\u00e7u\u015fu, motorlu u\u00e7u\u015fun ba\u015flang\u0131c\u0131n\u0131 simgeler ve havac\u0131l\u0131\u011f\u0131n geli\u015fiminde temel bir ad\u0131m olarak kabul edilir.<\/li>\n<li><strong>Charles Lindbergh&#8217;in u\u00e7u\u015fu hangi etkileri yaratt\u0131?<\/strong><br \/>Charles Lindbergh, Atlantik okyanusunu solo u\u00e7u\u015fla a\u015fan ilk ki\u015fi olarak havac\u0131l\u0131\u011f\u0131n pop\u00fclerle\u015fmesine ve ticari u\u00e7u\u015flar\u0131n yayg\u0131nla\u015fmas\u0131na katk\u0131 sa\u011flad\u0131.<\/li>\n<li><strong>Apollo 11&#8217;in ba\u015far\u0131lar\u0131 nelerdir?<\/strong><br \/>Apollo 11, Ay&#8217;a ilk insanl\u0131 ini\u015fi ger\u00e7ekle\u015ftirdi ve uzay ara\u015ft\u0131rmalar\u0131 tarihinde \u00f6nemli bir ilerlemeyi temsil eder.<\/li>\n<li><strong>Boeing 747 havayolu ta\u015f\u0131mac\u0131l\u0131\u011f\u0131n\u0131 nas\u0131l de\u011fi\u015ftirdi?<\/strong><br \/>Boeing 747, daha geni\u015f kapasite ve menzil sunarak hava ta\u015f\u0131mac\u0131l\u0131\u011f\u0131n\u0131 daha ekonomik ve ula\u015f\u0131labilir hale getirdi.<\/li>\n<li><strong>Concorde\u2019un d\u00fc\u015f\u00fc\u015f\u00fcne neden olan fakt\u00f6rler nelerdir?<\/strong><br \/>Concorde\u2019un d\u00fc\u015f\u00fc\u015f\u00fcne, y\u00fcksek i\u015fletme maliyetleri ve g\u00fcvenlik endi\u015feleri gibi \u00e7e\u015fitli fakt\u00f6rler neden oldu.<\/li>\n<\/ol>\n<p><\/body><\/html><\/p>\n","protected":false},"excerpt":{"rendered":"<p>Havac\u0131l\u0131k Tarihinde \u0130z B\u0131rakan D\u00f6n\u00fcm Noktalar\u0131n\u0131n \u00d6nemi Havac\u0131l\u0131\u011f\u0131n tarihi, bir\u00e7ok \u00f6nemli an\u0131 ile doludur ve bu anlar, insanl\u0131\u011f\u0131n teknolojik geli\u015fimine damgas\u0131n\u0131 vurmu\u015ftur. \u00d6zellikle havac\u0131l\u0131kta unutulmaz d\u00f6n\u00fcm noktalar\u0131, sadece havac\u0131l\u0131k end\u00fcstrisinin&hellip;<\/p>\n","protected":false},"author":1,"featured_media":0,"comment_status":"open","ping_status":"open","sticky":false,"template":"","format":"standard","meta":{"footnotes":""},"categories":[1],"tags":[],"class_list":["post-7834","post","type-post","status-publish","format-standard","hentry","category-uncategorized"],"_links":{"self":[{"href":"https:\/\/modertec.com.ni\/index.php\/wp-json\/wp\/v2\/posts\/7834","targetHints":{"allow":["GET"]}}],"collection":[{"href":"https:\/\/modertec.com.ni\/index.php\/wp-json\/wp\/v2\/posts"}],"about":[{"href":"https:\/\/modertec.com.ni\/index.php\/wp-json\/wp\/v2\/types\/post"}],"author":[{"embeddable":true,"href":"https:\/\/modertec.com.ni\/index.php\/wp-json\/wp\/v2\/users\/1"}],"replies":[{"embeddable":true,"href":"https:\/\/modertec.com.ni\/index.php\/wp-json\/wp\/v2\/comments?post=7834"}],"version-history":[{"count":1,"href":"https:\/\/modertec.com.ni\/index.php\/wp-json\/wp\/v2\/posts\/7834\/revisions"}],"predecessor-version":[{"id":7835,"href":"https:\/\/modertec.com.ni\/index.php\/wp-json\/wp\/v2\/posts\/7834\/revisions\/7835"}],"wp:attachment":[{"href":"https:\/\/modertec.com.ni\/index.php\/wp-json\/wp\/v2\/media?parent=7834"}],"wp:term":[{"taxonomy":"category","embeddable":true,"href":"https:\/\/modertec.com.ni\/index.php\/wp-json\/wp\/v2\/categories?post=7834"},{"taxonomy":"post_tag","embeddable":true,"href":"https:\/\/modertec.com.ni\/index.php\/wp-json\/wp\/v2\/tags?post=7834"}],"curies":[{"name":"wp","href":"https:\/\/api.w.org\/{rel}","templated":true}]}}